{"id":11207,"date":"2022-04-08T08:15:06","date_gmt":"2022-04-08T08:15:06","guid":{"rendered":"https:\/\/dei.fe.up.pt\/dev\/?p=11207"},"modified":"2022-04-08T08:30:59","modified_gmt":"2022-04-08T08:30:59","slug":"new-phds-honored-in-the-conferement-ceremony-2022","status":"publish","type":"post","link":"https:\/\/dei.fe.up.pt\/dev\/new-phds-honored-in-the-conferement-ceremony-2022\/","title":{"rendered":"New PhD\u2019s honored in the Conferement Ceremony 2022"},"content":{"rendered":"<p>The FEUP Auditorium will receive on <strong>April 8th<\/strong>, at <strong>17:00<\/strong>, another <strong><a href=\"https:\/\/paginas.fe.up.pt\/~dcc22\/\">Conferement Ceremony<\/a><\/strong>, which will award the most honorable distinction to those who completed their PhD and defended their thesis in 2020 and 2021.<\/p>\n<p>In the list of honorees we find many students who decided to do their PhDs in DEI Programs. To them our best wishes, professional and personal.<\/p>\n<p><strong>&nbsp;<\/strong><\/p>\n<p><strong>Doctoral Program in Informatics Engineering<\/strong><\/p>\n<p>Bruno Miguel Carvalhido Lima<\/p>\n<p>&nbsp;<\/p>\n<p><strong>Doctoral Program in Digital Media<\/strong><\/p>\n<p>Ant\u00f3nio Alberto Castro Ba\u00eda Reis<\/p>\n<p>Daniel dos Santos Catal\u00e3o<\/p>\n<p>Eduardo Jos\u00e9 Botelho Batista Morais de Sousa<\/p>\n<p>Jo\u00e3o Miguel Calisto Mar\u00e7al<\/p>\n<p>Luciano Jos\u00e9 Santos Reis Moreira<\/p>\n<p>Roberto Ivo Fernandes Vaz (Cum Laude)<\/p>\n<p>&nbsp;<\/p>\n<p><strong>Doctoral Program in Computer Science<\/strong> (Joint program with FCUP, UA and UM)<\/p>\n<p>Andr\u00e9 Filipe Faria dos Santos<\/p>\n<p>Diogo Jos\u00e9 Domingues Regateiro<\/p>\n<p>Francisco Nuno Teixeira Neves<\/p>\n<p>Jo\u00e3o Miguel Maia Soares de Resende<\/p>\n<p>Joaquim Magalh\u00e3es Esteves da Silva<\/p>\n<p>Jorge Miguel Barros da Silva<\/p>\n<p>Jos\u00e9 Lu\u00eds da Silva Devezas (Cum Laude)<\/p>\n<p>Liu Chong<\/p>\n<p>Lu\u00eds Miguel Tom\u00e9 N\u00f3brega<\/p>\n<p>Mariana Rafaela Figueiredo Ferreira de Oliveira<\/p>\n<p>Patr\u00edcia Raquel Vieira Sousa<\/p>\n<p>Ricardo Jorge Terroso de Ara\u00fajo<\/p>\n<p>Ricardo Pereira de Magalh\u00e3es Cruz<\/p>\n<p>Rog\u00e9rio Ant\u00f3nio da Costa Pontes<\/p>\n<p>Rui Jorge Pereira Gon\u00e7alves<\/p>\n<p>S\u00edlvia da Concei\u00e7\u00e3o Neto Bessa<\/p>\n","protected":false},"excerpt":{"rendered":"<p>The FEUP Auditorium will receive on April 8th, at 17:00, another Conferement Ceremony, which will award the most honorable distinction to those who completed their PhD and defended their thesis in 2020 and 2021. In the list of honorees we find many students who decided to do their PhDs in DEI Programs. To them our [&hellip;]<\/p>\n","protected":false},"author":60,"featured_media":11210,"comment_status":"closed","ping_status":"closed","sticky":false,"template":"","format":"standard","meta":{"inline_featured_image":false,"footnotes":""},"categories":[25,267,27],"tags":[],"class_list":["post-11207","post","type-post","status-publish","format-standard","has-post-thumbnail","hentry","category-events","category-highlights","category-news"],"_links":{"self":[{"href":"https:\/\/dei.fe.up.pt\/dev\/wp-json\/wp\/v2\/posts\/11207","targetHints":{"allow":["GET"]}}],"collection":[{"href":"https:\/\/dei.fe.up.pt\/dev\/wp-json\/wp\/v2\/posts"}],"about":[{"href":"https:\/\/dei.fe.up.pt\/dev\/wp-json\/wp\/v2\/types\/post"}],"author":[{"embeddable":true,"href":"https:\/\/dei.fe.up.pt\/dev\/wp-json\/wp\/v2\/users\/60"}],"replies":[{"embeddable":true,"href":"https:\/\/dei.fe.up.pt\/dev\/wp-json\/wp\/v2\/comments?post=11207"}],"version-history":[{"count":0,"href":"https:\/\/dei.fe.up.pt\/dev\/wp-json\/wp\/v2\/posts\/11207\/revisions"}],"wp:featuredmedia":[{"embeddable":true,"href":"https:\/\/dei.fe.up.pt\/dev\/wp-json\/wp\/v2\/media\/11210"}],"wp:attachment":[{"href":"https:\/\/dei.fe.up.pt\/dev\/wp-json\/wp\/v2\/media?parent=11207"}],"wp:term":[{"taxonomy":"category","embeddable":true,"href":"https:\/\/dei.fe.up.pt\/dev\/wp-json\/wp\/v2\/categories?post=11207"},{"taxonomy":"post_tag","embeddable":true,"href":"https:\/\/dei.fe.up.pt\/dev\/wp-json\/wp\/v2\/tags?post=11207"}],"curies":[{"name":"wp","href":"https:\/\/api.w.org\/{rel}","templated":true}]}}