{"id":2047,"date":"2021-03-22T08:54:34","date_gmt":"2021-03-22T08:54:34","guid":{"rendered":"https:\/\/dei.fe.up.pt\/dev\/?p=2047"},"modified":"2022-02-08T17:17:29","modified_gmt":"2022-02-08T17:17:29","slug":"estudante-da-feup-quer-museus-mais-acessiveis-para-pessoas-com-deficiencia-visual","status":"publish","type":"post","link":"https:\/\/dei.fe.up.pt\/dev\/estudante-da-feup-quer-museus-mais-acessiveis-para-pessoas-com-deficiencia-visual\/","title":{"rendered":"Estudante da FEUP quer museus mais acess\u00edveis para pessoas com defici\u00eancia visual"},"content":{"rendered":"<p>Roberto Vaz, finalista do Programa Doutoral em Media Digitais da&nbsp;<a href=\"https:\/\/www.linkedin.com\/feed\/hashtag\/?keywords=feup&amp;highlightedUpdateUrns=urn%3Ali%3Aactivity%3A6778644181477834752\" data-attribute-index=\"0\">#FEUP<\/a>, venceu o \u201cInternational Award for Excellence for The Inclusive Museum Research Network&#8221; 2020 pelo seu artigo sobre a falta de acessibilidade a museus para pessoas cegas e com baixa vis\u00e3o.<br \/>\nA sua investiga\u00e7\u00e3o vai ser posta em pr\u00e1tica na exposi\u00e7\u00e3o \u201cMist\u00e9rios da Arte de Curar: Uma experi\u00eancia multissensorial por 5000 anos de hist\u00f3ria\u201d no Museu da Farm\u00e1cia do Porto, j\u00e1 no pr\u00f3ximo dia 5 de abril. ????????\ufe0f????&nbsp;<a href=\"https:\/\/www.linkedin.com\/feed\/hashtag\/?keywords=proud2befeup&amp;highlightedUpdateUrns=urn%3Ali%3Aactivity%3A6778644181477834752\" data-attribute-index=\"1\">#proud2beFEUP<\/a><\/p>\n","protected":false},"excerpt":{"rendered":"<p>Roberto Vaz, finalista do Programa Doutoral em Media Digitais da&nbsp;#FEUP, venceu o \u201cInternational Award for Excellence for The Inclusive Museum Research Network&#8221; 2020 pelo seu artigo sobre a falta de acessibilidade a museus para pessoas cegas e com baixa vis\u00e3o. A sua investiga\u00e7\u00e3o vai ser posta em pr\u00e1tica na exposi\u00e7\u00e3o \u201cMist\u00e9rios da Arte de Curar: [&hellip;]<\/p>\n","protected":false},"author":60,"featured_media":8042,"comment_status":"closed","ping_status":"closed","sticky":false,"template":"","format":"standard","meta":{"inline_featured_image":false,"footnotes":""},"categories":[46,20],"tags":[],"class_list":["post-2047","post","type-post","status-publish","format-standard","has-post-thumbnail","hentry","category-destaque","category-noticias"],"_links":{"self":[{"href":"https:\/\/dei.fe.up.pt\/dev\/wp-json\/wp\/v2\/posts\/2047","targetHints":{"allow":["GET"]}}],"collection":[{"href":"https:\/\/dei.fe.up.pt\/dev\/wp-json\/wp\/v2\/posts"}],"about":[{"href":"https:\/\/dei.fe.up.pt\/dev\/wp-json\/wp\/v2\/types\/post"}],"author":[{"embeddable":true,"href":"https:\/\/dei.fe.up.pt\/dev\/wp-json\/wp\/v2\/users\/60"}],"replies":[{"embeddable":true,"href":"https:\/\/dei.fe.up.pt\/dev\/wp-json\/wp\/v2\/comments?post=2047"}],"version-history":[{"count":0,"href":"https:\/\/dei.fe.up.pt\/dev\/wp-json\/wp\/v2\/posts\/2047\/revisions"}],"wp:featuredmedia":[{"embeddable":true,"href":"https:\/\/dei.fe.up.pt\/dev\/wp-json\/wp\/v2\/media\/8042"}],"wp:attachment":[{"href":"https:\/\/dei.fe.up.pt\/dev\/wp-json\/wp\/v2\/media?parent=2047"}],"wp:term":[{"taxonomy":"category","embeddable":true,"href":"https:\/\/dei.fe.up.pt\/dev\/wp-json\/wp\/v2\/categories?post=2047"},{"taxonomy":"post_tag","embeddable":true,"href":"https:\/\/dei.fe.up.pt\/dev\/wp-json\/wp\/v2\/tags?post=2047"}],"curies":[{"name":"wp","href":"https:\/\/api.w.org\/{rel}","templated":true}]}}